{"id":1150,"date":"2021-06-22T12:07:48","date_gmt":"2021-06-22T12:07:48","guid":{"rendered":"http:\/\/aemoita.pt\/aemoita\/?p=1150"},"modified":"2021-06-22T12:07:49","modified_gmt":"2021-06-22T12:07:49","slug":"ensino-profissional-exames-dos-modulos-epoca-de-junho-julho","status":"publish","type":"post","link":"https:\/\/aemoita.pt\/aemoita\/2021\/06\/22\/ensino-profissional-exames-dos-modulos-epoca-de-junho-julho\/","title":{"rendered":"Ensino Profissional &#8211; Exames dos M\u00f3dulos &#8211; \u00c9poca de Junho\/Julho"},"content":{"rendered":"\n<p>Informam-se os alunos que os exames dos m\u00f3dulos para conclus\u00e3o dos cursos do Ensino Profissional, para ir\u00e3o decorrer no per\u00edodo compreendido entre 24 de junho e 7 de julho de 2021, de acordo com o calend\u00e1rio disponibilizado.<\/p>\n\n\n\n<!--more-->\n\n\n\n<div class=\"wp-block-file\"><a href=\"https:\/\/aemoita.pt\/aemoita\/wp-content\/uploads\/2021\/06\/Calendario-Exames-Cursos-Profissionais-Junho_2021.pdf\" target=\"_blank\" rel=\"noreferrer noopener\"><strong>Calend\u00e1rio de Exames<\/strong><\/a><\/div>\n\n\n\n<p><strong>Matrizes dos exames:<\/strong><\/p>\n\n\n\n<div class=\"wp-block-file\"><a href=\"https:\/\/aemoita.pt\/aemoita\/wp-content\/uploads\/2021\/06\/M4_Portugues.pdf\" target=\"_blank\" rel=\"noreferrer noopener\">Portugu\u00eas &#8211; M4<\/a><\/div>\n\n\n\n<div class=\"wp-block-file\"><a href=\"https:\/\/aemoita.pt\/aemoita\/wp-content\/uploads\/2021\/06\/M7_Portugues.pdf\" target=\"_blank\" rel=\"noreferrer noopener\">Portugu\u00eas &#8211; M7<\/a><\/div>\n\n\n\n<div class=\"wp-block-file\"><a href=\"https:\/\/aemoita.pt\/aemoita\/wp-content\/uploads\/2021\/06\/M8_Portugues.pdf\" target=\"_blank\" rel=\"noreferrer noopener\">Portugu\u00eas &#8211; M8<\/a><\/div>\n\n\n\n<div class=\"wp-block-file\"><a href=\"https:\/\/aemoita.pt\/aemoita\/wp-content\/uploads\/2021\/06\/M9_Portugues.pdf\" target=\"_blank\" rel=\"noreferrer noopener\">Portugu\u00eas &#8211; M9<\/a><\/div>\n\n\n\n<div class=\"wp-block-file\"><a href=\"https:\/\/aemoita.pt\/aemoita\/wp-content\/uploads\/2021\/06\/M4_Area-de-Integracao.pdf\" target=\"_blank\" rel=\"noreferrer noopener\">\u00c1rea de Integra\u00e7\u00e3o &#8211; M4<\/a><\/div>\n\n\n\n<div class=\"wp-block-file\"><a href=\"https:\/\/aemoita.pt\/aemoita\/wp-content\/uploads\/2021\/06\/M2_Ginastica.pdf\" target=\"_blank\" rel=\"noreferrer noopener\">Educa\u00e7\u00e3o F\u00edsica &#8211; M2<\/a><\/div>\n\n\n\n<div class=\"wp-block-file\"><a href=\"https:\/\/aemoita.pt\/aemoita\/wp-content\/uploads\/2021\/06\/M7_Educacao-Fisica.pdf\" target=\"_blank\" rel=\"noreferrer noopener\">Educa\u00e7\u00e3o F\u00edsica &#8211; M7<\/a><\/div>\n\n\n\n<div class=\"wp-block-file\"><a href=\"https:\/\/aemoita.pt\/aemoita\/wp-content\/uploads\/2021\/06\/M9_-Educacao-Fisica.pdf\" target=\"_blank\" rel=\"noreferrer noopener\">Educa\u00e7\u00e3o F\u00edsica &#8211; M9<\/a><\/div>\n\n\n\n<div class=\"wp-block-file\"><a href=\"https:\/\/aemoita.pt\/aemoita\/wp-content\/uploads\/2021\/06\/M13_Educacao-Fisica.pdf\" target=\"_blank\" rel=\"noreferrer noopener\">Educa\u00e7\u00e3o F\u00edsica &#8211; M13<\/a><\/div>\n\n\n\n<div class=\"wp-block-file\"><a href=\"https:\/\/aemoita.pt\/aemoita\/wp-content\/uploads\/2021\/06\/MA2_-Matematica.pdf\" target=\"_blank\" rel=\"noreferrer noopener\">Matem\u00e1tica &#8211; M A2<\/a><\/div>\n\n\n\n<div class=\"wp-block-file\"><a href=\"https:\/\/aemoita.pt\/aemoita\/wp-content\/uploads\/2021\/06\/MA3_Matematica.pdf\" target=\"_blank\" rel=\"noreferrer noopener\">Matem\u00e1tica &#8211; M A3<\/a><\/div>\n\n\n\n<p><\/p>\n","protected":false},"excerpt":{"rendered":"<p>Informam-se os alunos que os exames dos m\u00f3dulos para conclus\u00e3o dos cursos do Ensino Profissional, para ir\u00e3o decorrer no per\u00edodo compreendido entre 24 de junho e 7 de julho de 2021, de acordo com o calend\u00e1rio disponibilizado.<\/p>\n","protected":false},"author":1,"featured_media":402,"comment_status":"closed","ping_status":"closed","sticky":false,"template":"","format":"standard","meta":{"footnotes":""},"categories":[11],"tags":[],"class_list":["post-1150","post","type-post","status-publish","format-standard","has-post-thumbnail","hentry","category-secundario"],"_links":{"self":[{"href":"https:\/\/aemoita.pt\/aemoita\/wp-json\/wp\/v2\/posts\/1150","targetHints":{"allow":["GET"]}}],"collection":[{"href":"https:\/\/aemoita.pt\/aemoita\/wp-json\/wp\/v2\/posts"}],"about":[{"href":"https:\/\/aemoita.pt\/aemoita\/wp-json\/wp\/v2\/types\/post"}],"author":[{"embeddable":true,"href":"https:\/\/aemoita.pt\/aemoita\/wp-json\/wp\/v2\/users\/1"}],"replies":[{"embeddable":true,"href":"https:\/\/aemoita.pt\/aemoita\/wp-json\/wp\/v2\/comments?post=1150"}],"version-history":[{"count":1,"href":"https:\/\/aemoita.pt\/aemoita\/wp-json\/wp\/v2\/posts\/1150\/revisions"}],"predecessor-version":[{"id":1163,"href":"https:\/\/aemoita.pt\/aemoita\/wp-json\/wp\/v2\/posts\/1150\/revisions\/1163"}],"wp:featuredmedia":[{"embeddable":true,"href":"https:\/\/aemoita.pt\/aemoita\/wp-json\/wp\/v2\/media\/402"}],"wp:attachment":[{"href":"https:\/\/aemoita.pt\/aemoita\/wp-json\/wp\/v2\/media?parent=1150"}],"wp:term":[{"taxonomy":"category","embeddable":true,"href":"https:\/\/aemoita.pt\/aemoita\/wp-json\/wp\/v2\/categories?post=1150"},{"taxonomy":"post_tag","embeddable":true,"href":"https:\/\/aemoita.pt\/aemoita\/wp-json\/wp\/v2\/tags?post=1150"}],"curies":[{"name":"wp","href":"https:\/\/api.w.org\/{rel}","templated":true}]}}