{"id":5392,"date":"2025-07-14T18:49:02","date_gmt":"2025-07-14T18:49:02","guid":{"rendered":"https:\/\/aemoita.pt\/aemoita\/?p=5392"},"modified":"2025-07-14T19:03:18","modified_gmt":"2025-07-14T19:03:18","slug":"informacao-matriculas-do-secundario","status":"publish","type":"post","link":"https:\/\/aemoita.pt\/aemoita\/2025\/07\/14\/informacao-matriculas-do-secundario\/","title":{"rendered":"Informa\u00e7\u00e3o: Matr\u00edculas do Secund\u00e1rio"},"content":{"rendered":"\n<p><strong>Apoio presencial para os Encarregados de Educa\u00e7\u00e3o\u00a0 na realiza\u00e7\u00e3o\u00a0 das matr\u00edculas (10.\u00ba e 12.\u00baanos) no respetivo Portal<\/strong>.<\/p>\n\n\n\n<!--more-->\n\n\n\n<p><strong>1. Calendariza\u00e7\u00e3o<\/strong><\/p>\n\n\n\n<figure class=\"wp-block-table\"><table class=\"has-fixed-layout\"><tbody><tr><td><strong>Data<\/strong><\/td><td class=\"has-text-align-left\" data-align=\"left\"><strong>Hor\u00e1rio<\/strong><\/td><td><strong>Local\/Sala<\/strong><\/td><\/tr><tr><td>&nbsp;<strong>16 a 17<\/strong><strong>&nbsp;de&nbsp;Julho<\/strong><\/td><td class=\"has-text-align-left\" data-align=\"left\"><strong>Manh\u00e3:\u00a0<\/strong>09.30\u00a0\u2013 12.30<br><strong>Tarde:\u00a0<\/strong>14.00\u00a0\u2013\u00a016.30<\/td><td>AN01<br>AN02<\/td><\/tr><\/tbody><\/table><\/figure>\n\n\n\n<p><strong>2. Situa\u00e7\u00f5es em que os Encarregados devem recorrer ao apoio:<\/strong><\/p>\n\n\n\n<ul class=\"wp-block-list\">\n<li>dificuldade\u00a0ou\u00a0desconhecimento\u00a0sobre\u00a0a\u00a0forma\u00a0de\u00a0utiliza\u00e7\u00e3o\u00a0das\u00a0credenciais\u00a0do\u00a0Portal\u00a0das\u00a0Finan\u00e7as, do\u00a0cart\u00e3o\u00a0de cidad\u00e3o\u00a0e\/ou\u00a0chave\u00a0m\u00f3vel digital;<\/li>\n\n\n\n<li>inexist\u00eancia\u00a0de\u00a0leitor de\u00a0cart\u00e3o\u00a0de cidad\u00e3o;<\/li>\n\n\n\n<li>serem\u00a0estrangeiros\u00a0e\u00a0n\u00e3o\u00a0possu\u00edrem\u00a0o NIF\u00a0e\u00a0a\u00a0respetiva\u00a0senha\u00a0do\u00a0Portal\u00a0das\u00a0Finan\u00e7as;<\/li>\n\n\n\n<li>n\u00e3o\u00a0possu\u00edrem\u00a0meios\u00a0tecnol\u00f3gicos\u00a0para\u00a0procederem\u00a0\u00e0s\u00a0altera\u00e7\u00f5es\u00a0(Internet,\u00a0computador).<\/li>\n<\/ul>\n\n\n\n<p><strong>3<\/strong>.<strong>\u00a0Documentos\/dados que o Encarregado de Educa\u00e7\u00e3o deve ter consigo<\/strong><\/p>\n\n\n\n<p><strong>3.1.<\/strong><strong>\u00a0para a\u00a0 autentica\u00e7\u00e3o no portal das matr\u00edculas (antes de iniciar o processo de matr\u00edcula)<\/strong>:<\/p>\n\n\n\n<ul class=\"wp-block-list\">\n<li>Cart\u00e3o de Cidad\u00e3o<\/li>\n\n\n\n<li><strong>ou <\/strong>Chave M\u00f3vel Digital<\/li>\n\n\n\n<li><strong>ou <\/strong>Credenciais de acesso ao Portal das Finan\u00e7as.<\/li>\n<\/ul>\n\n\n\n<p><strong>3.2. para o processo de matr\u00edcula:<\/strong><\/p>\n\n\n\n<ul class=\"wp-block-list\">\n<li>O seu documento de identifica\u00e7\u00e3o;<\/li>\n\n\n\n<li>O documento de identifica\u00e7\u00e3o do seu educando;<\/li>\n\n\n\n<li>Uma fotografia em formato digital do seu educando;<\/li>\n\n\n\n<li>O seu N\u00famero de Identifica\u00e7\u00e3o Fiscal e o do seu educando;<\/li>\n\n\n\n<li>O N\u00famero de Identifica\u00e7\u00e3o da Seguran\u00e7a Social do seu educando se\u00a0pretender\u00a0beneficiar dos apoios da A\u00e7\u00e3o Social Escolar*;<\/li>\n\n\n\n<li>Comprovativo de morada.<\/li>\n<\/ul>\n\n\n\n<p>*  Para formalizar o pedido de apoio da A\u00e7\u00e3o Social Escolar, o Encarregado de Educa\u00e7\u00e3o deve dirigir-se aos Servi\u00e7os Administrativos.<\/p>\n\n\n\n<p><\/p>\n","protected":false},"excerpt":{"rendered":"<p>Apoio presencial para os Encarregados de Educa\u00e7\u00e3o\u00a0 na realiza\u00e7\u00e3o\u00a0 das matr\u00edculas (10.\u00ba e 12.\u00baanos) no respetivo Portal.<\/p>\n","protected":false},"author":1,"featured_media":5006,"comment_status":"closed","ping_status":"closed","sticky":false,"template":"","format":"standard","meta":{"footnotes":""},"categories":[8,11],"tags":[],"class_list":["post-5392","post","type-post","status-publish","format-standard","has-post-thumbnail","hentry","category-agrupamento","category-secundario"],"_links":{"self":[{"href":"https:\/\/aemoita.pt\/aemoita\/wp-json\/wp\/v2\/posts\/5392","targetHints":{"allow":["GET"]}}],"collection":[{"href":"https:\/\/aemoita.pt\/aemoita\/wp-json\/wp\/v2\/posts"}],"about":[{"href":"https:\/\/aemoita.pt\/aemoita\/wp-json\/wp\/v2\/types\/post"}],"author":[{"embeddable":true,"href":"https:\/\/aemoita.pt\/aemoita\/wp-json\/wp\/v2\/users\/1"}],"replies":[{"embeddable":true,"href":"https:\/\/aemoita.pt\/aemoita\/wp-json\/wp\/v2\/comments?post=5392"}],"version-history":[{"count":10,"href":"https:\/\/aemoita.pt\/aemoita\/wp-json\/wp\/v2\/posts\/5392\/revisions"}],"predecessor-version":[{"id":5404,"href":"https:\/\/aemoita.pt\/aemoita\/wp-json\/wp\/v2\/posts\/5392\/revisions\/5404"}],"wp:featuredmedia":[{"embeddable":true,"href":"https:\/\/aemoita.pt\/aemoita\/wp-json\/wp\/v2\/media\/5006"}],"wp:attachment":[{"href":"https:\/\/aemoita.pt\/aemoita\/wp-json\/wp\/v2\/media?parent=5392"}],"wp:term":[{"taxonomy":"category","embeddable":true,"href":"https:\/\/aemoita.pt\/aemoita\/wp-json\/wp\/v2\/categories?post=5392"},{"taxonomy":"post_tag","embeddable":true,"href":"https:\/\/aemoita.pt\/aemoita\/wp-json\/wp\/v2\/tags?post=5392"}],"curies":[{"name":"wp","href":"https:\/\/api.w.org\/{rel}","templated":true}]}}