{"id":5654,"date":"2025-11-24T12:00:49","date_gmt":"2025-11-24T12:00:49","guid":{"rendered":"https:\/\/aemoita.pt\/aemoita\/?p=5654"},"modified":"2025-11-24T15:00:16","modified_gmt":"2025-11-24T15:00:16","slug":"eleicoes-para-a-associacao-de-estudantes","status":"publish","type":"post","link":"https:\/\/aemoita.pt\/aemoita\/2025\/11\/24\/eleicoes-para-a-associacao-de-estudantes\/","title":{"rendered":"Elei\u00e7\u00f5es para a Associa\u00e7\u00e3o de Estudantes &#8211; Resultados"},"content":{"rendered":"\n<p>A Comiss\u00e3o Eleitoral d\u00e1 a conhecer os resultados das Elei\u00e7\u00f5es para a Associa\u00e7\u00e3o de Estudantes que decorreram na passada 6\u00aa feira, dia 21 de novembro, no nosso Agrupamento, na Escola Secund\u00e1ria da Moita (das 10h \u00e0s 20h) e d\u00e1 os Parab\u00e9ns \u00e0 Lista Vencedora.<\/p>\n\n\n<div class=\"wp-block-image\">\n<figure class=\"aligncenter size-full\"><img loading=\"lazy\" decoding=\"async\" width=\"436\" height=\"521\" src=\"https:\/\/aemoita.pt\/aemoita\/wp-content\/uploads\/2025\/11\/image.png\" alt=\"\" class=\"wp-image-5676\" srcset=\"https:\/\/aemoita.pt\/aemoita\/wp-content\/uploads\/2025\/11\/image.png 436w, https:\/\/aemoita.pt\/aemoita\/wp-content\/uploads\/2025\/11\/image-251x300.png 251w\" sizes=\"auto, (max-width: 436px) 100vw, 436px\" \/><\/figure><\/div>\n\n\n<p>Esperamos que desenvolvam um Bom Trabalho e que Representem todos os Alunos do Agrupamento.<\/p>\n\n\n\n<p><\/p>\n\n\n\n<hr class=\"wp-block-separator has-alpha-channel-opacity\"\/>\n\n\n\n<p>A Comiss\u00e3o Eleitoral d\u00e1 a conhecer as Listas concorrentes \u00e0 Associa\u00e7\u00e3o de Estudantes do nosso Agrupamento e faz o convite a todos os Alunos da Escola Secund\u00e1ria da Moita e da D. Pedro II, para virem votar na pr\u00f3xima 6\u00aa feira, dia 21 de Novembro de 2025, entre as 10h e as 20h.&nbsp;<\/p>\n\n\n\n<p>A Mesa de Voto vai estar no espa\u00e7o do nosso Polivalente (Refeit\u00f3rio).<\/p>\n\n\n\n<div class=\"wp-block-file\"><a id=\"wp-block-file--media-f9e4c2fa-29a1-4565-b87c-047e6fd50a1d\" href=\"https:\/\/aemoita.pt\/aemoita\/wp-content\/uploads\/2025\/11\/Lista-C_-Associacao-Estudantes_2025.pdf\" target=\"_blank\" rel=\"noreferrer noopener\">Lista C_ Associa\u00e7\u00e3o Estudantes_2025<\/a><a href=\"https:\/\/aemoita.pt\/aemoita\/wp-content\/uploads\/2025\/11\/Lista-C_-Associacao-Estudantes_2025.pdf\" class=\"wp-block-file__button wp-element-button\" download aria-describedby=\"wp-block-file--media-f9e4c2fa-29a1-4565-b87c-047e6fd50a1d\">Descarregar<\/a><\/div>\n\n\n\n<p><\/p>\n\n\n\n<div class=\"wp-block-file\"><a id=\"wp-block-file--media-27ac4bc5-312b-46ad-9b93-34c94c33034f\" href=\"https:\/\/aemoita.pt\/aemoita\/wp-content\/uploads\/2025\/11\/Lista-G_-Associacao-Estudantes_2025.pdf\" target=\"_blank\" rel=\"noreferrer noopener\">Lista G_ Associa\u00e7\u00e3o Estudantes_2025<\/a><a href=\"https:\/\/aemoita.pt\/aemoita\/wp-content\/uploads\/2025\/11\/Lista-G_-Associacao-Estudantes_2025.pdf\" class=\"wp-block-file__button wp-element-button\" download aria-describedby=\"wp-block-file--media-27ac4bc5-312b-46ad-9b93-34c94c33034f\">Descarregar<\/a><\/div>\n\n\n\n<p><\/p>\n\n\n\n<div class=\"wp-block-file\"><a id=\"wp-block-file--media-3b6c8d57-f352-462e-a6ab-34c1c69e1809\" href=\"https:\/\/aemoita.pt\/aemoita\/wp-content\/uploads\/2025\/11\/Lista-P_-Associacao-Estudantes_2025.pdf\" target=\"_blank\" rel=\"noreferrer noopener\">Lista P_ Associa\u00e7\u00e3o Estudantes_2025<\/a><a href=\"https:\/\/aemoita.pt\/aemoita\/wp-content\/uploads\/2025\/11\/Lista-P_-Associacao-Estudantes_2025.pdf\" class=\"wp-block-file__button wp-element-button\" download aria-describedby=\"wp-block-file--media-3b6c8d57-f352-462e-a6ab-34c1c69e1809\">Descarregar<\/a><\/div>\n\n\n\n<p><\/p>\n","protected":false},"excerpt":{"rendered":"<p>A Comiss\u00e3o Eleitoral d\u00e1 a conhecer os resultados das Elei\u00e7\u00f5es para a Associa\u00e7\u00e3o de Estudantes que decorreram na passada 6\u00aa feira, dia 21 de novembro, no nosso Agrupamento, na Escola Secund\u00e1ria da Moita (das 10h \u00e0s 20h) e d\u00e1 os Parab\u00e9ns \u00e0 Lista Vencedora. Esperamos que desenvolvam um Bom Trabalho e que Representem todos os [&hellip;]<\/p>\n","protected":false},"author":1,"featured_media":5658,"comment_status":"closed","ping_status":"closed","sticky":false,"template":"","format":"standard","meta":{"footnotes":""},"categories":[8],"tags":[],"class_list":["post-5654","post","type-post","status-publish","format-standard","has-post-thumbnail","hentry","category-agrupamento"],"_links":{"self":[{"href":"https:\/\/aemoita.pt\/aemoita\/wp-json\/wp\/v2\/posts\/5654","targetHints":{"allow":["GET"]}}],"collection":[{"href":"https:\/\/aemoita.pt\/aemoita\/wp-json\/wp\/v2\/posts"}],"about":[{"href":"https:\/\/aemoita.pt\/aemoita\/wp-json\/wp\/v2\/types\/post"}],"author":[{"embeddable":true,"href":"https:\/\/aemoita.pt\/aemoita\/wp-json\/wp\/v2\/users\/1"}],"replies":[{"embeddable":true,"href":"https:\/\/aemoita.pt\/aemoita\/wp-json\/wp\/v2\/comments?post=5654"}],"version-history":[{"count":3,"href":"https:\/\/aemoita.pt\/aemoita\/wp-json\/wp\/v2\/posts\/5654\/revisions"}],"predecessor-version":[{"id":5677,"href":"https:\/\/aemoita.pt\/aemoita\/wp-json\/wp\/v2\/posts\/5654\/revisions\/5677"}],"wp:featuredmedia":[{"embeddable":true,"href":"https:\/\/aemoita.pt\/aemoita\/wp-json\/wp\/v2\/media\/5658"}],"wp:attachment":[{"href":"https:\/\/aemoita.pt\/aemoita\/wp-json\/wp\/v2\/media?parent=5654"}],"wp:term":[{"taxonomy":"category","embeddable":true,"href":"https:\/\/aemoita.pt\/aemoita\/wp-json\/wp\/v2\/categories?post=5654"},{"taxonomy":"post_tag","embeddable":true,"href":"https:\/\/aemoita.pt\/aemoita\/wp-json\/wp\/v2\/tags?post=5654"}],"curies":[{"name":"wp","href":"https:\/\/api.w.org\/{rel}","templated":true}]}}