{"id":6061,"date":"2026-02-11T16:46:08","date_gmt":"2026-02-11T16:46:08","guid":{"rendered":"https:\/\/aemoita.pt\/aemoita\/?p=6061"},"modified":"2026-02-11T16:55:20","modified_gmt":"2026-02-11T16:55:20","slug":"alteracao-ao-calendario-das-provas-ensaio-2025-2026","status":"publish","type":"post","link":"https:\/\/aemoita.pt\/aemoita\/2026\/02\/11\/alteracao-ao-calendario-das-provas-ensaio-2025-2026\/","title":{"rendered":"Altera\u00e7\u00e3o ao calend\u00e1rio das Provas-Ensaio 2025\/2026"},"content":{"rendered":"\n<p>Foi adiada a realiza\u00e7\u00e3o das Provas-Ensaio, inicialmente previstas para o m\u00eas de fevereiro, tendo sido reagendadas para abril.<\/p>\n\n\n\n<!--more-->\n\n\n\n<div class=\"wp-block-file\"><a id=\"wp-block-file--media-e08b59e1-4da5-47df-8fb2-2a66ef497df8\" href=\"https:\/\/aemoita.pt\/aemoita\/wp-content\/uploads\/2026\/02\/INF2_Alteracao_CalendarioAvaliacaoExterna.pdf\" target=\"_blank\" rel=\"noreferrer noopener\">INF2_Alteracao_Calendario Avaliacao Externa<\/a><a href=\"https:\/\/aemoita.pt\/aemoita\/wp-content\/uploads\/2026\/02\/INF2_Alteracao_CalendarioAvaliacaoExterna.pdf\" class=\"wp-block-file__button wp-element-button\" download aria-describedby=\"wp-block-file--media-e08b59e1-4da5-47df-8fb2-2a66ef497df8\">Descarregar<\/a><\/div>\n\n\n\n<p><\/p>\n","protected":false},"excerpt":{"rendered":"<p>Foi adiada a realiza\u00e7\u00e3o das Provas-Ensaio, inicialmente previstas para o m\u00eas de fevereiro, tendo sido reagendadas para abril.<\/p>\n","protected":false},"author":1,"featured_media":6064,"comment_status":"closed","ping_status":"closed","sticky":false,"template":"","format":"standard","meta":{"footnotes":""},"categories":[8],"tags":[],"class_list":["post-6061","post","type-post","status-publish","format-standard","has-post-thumbnail","hentry","category-agrupamento"],"_links":{"self":[{"href":"https:\/\/aemoita.pt\/aemoita\/wp-json\/wp\/v2\/posts\/6061","targetHints":{"allow":["GET"]}}],"collection":[{"href":"https:\/\/aemoita.pt\/aemoita\/wp-json\/wp\/v2\/posts"}],"about":[{"href":"https:\/\/aemoita.pt\/aemoita\/wp-json\/wp\/v2\/types\/post"}],"author":[{"embeddable":true,"href":"https:\/\/aemoita.pt\/aemoita\/wp-json\/wp\/v2\/users\/1"}],"replies":[{"embeddable":true,"href":"https:\/\/aemoita.pt\/aemoita\/wp-json\/wp\/v2\/comments?post=6061"}],"version-history":[{"count":3,"href":"https:\/\/aemoita.pt\/aemoita\/wp-json\/wp\/v2\/posts\/6061\/revisions"}],"predecessor-version":[{"id":6066,"href":"https:\/\/aemoita.pt\/aemoita\/wp-json\/wp\/v2\/posts\/6061\/revisions\/6066"}],"wp:featuredmedia":[{"embeddable":true,"href":"https:\/\/aemoita.pt\/aemoita\/wp-json\/wp\/v2\/media\/6064"}],"wp:attachment":[{"href":"https:\/\/aemoita.pt\/aemoita\/wp-json\/wp\/v2\/media?parent=6061"}],"wp:term":[{"taxonomy":"category","embeddable":true,"href":"https:\/\/aemoita.pt\/aemoita\/wp-json\/wp\/v2\/categories?post=6061"},{"taxonomy":"post_tag","embeddable":true,"href":"https:\/\/aemoita.pt\/aemoita\/wp-json\/wp\/v2\/tags?post=6061"}],"curies":[{"name":"wp","href":"https:\/\/api.w.org\/{rel}","templated":true}]}}