{"id":6071,"date":"2026-02-17T11:05:26","date_gmt":"2026-02-17T11:05:26","guid":{"rendered":"https:\/\/aemoita.pt\/aemoita\/?p=6071"},"modified":"2026-02-17T11:25:17","modified_gmt":"2026-02-17T11:25:17","slug":"campanha-dgs-cheque-dentista","status":"publish","type":"post","link":"https:\/\/aemoita.pt\/aemoita\/2026\/02\/17\/campanha-dgs-cheque-dentista\/","title":{"rendered":"Campanha DGS &#8211; cheque dentista"},"content":{"rendered":"\n<p>Divulgamos a campanha da Dire\u00e7\u00e3o-Geral de Sa\u00fade sobre o cheque dentista, para aumentarmos a taxa de utiliza\u00e7\u00e3o nas nossas freguesias e melhorarmos a sa\u00fade oral das nossas crian\u00e7as e jovens.<\/p>\n\n\n\n<!--more-->\n\n\n\n<figure class=\"wp-block-gallery has-nested-images columns-2 is-cropped wp-block-gallery-1 is-layout-flex wp-block-gallery-is-layout-flex\">\n<figure class=\"wp-block-image size-large\"><img loading=\"lazy\" decoding=\"async\" width=\"590\" height=\"590\" data-id=\"6072\" src=\"https:\/\/aemoita.pt\/aemoita\/wp-content\/uploads\/2026\/02\/cdentista1.jpg\" alt=\"\" class=\"wp-image-6072\" srcset=\"https:\/\/aemoita.pt\/aemoita\/wp-content\/uploads\/2026\/02\/cdentista1.jpg 590w, https:\/\/aemoita.pt\/aemoita\/wp-content\/uploads\/2026\/02\/cdentista1-300x300.jpg 300w, https:\/\/aemoita.pt\/aemoita\/wp-content\/uploads\/2026\/02\/cdentista1-150x150.jpg 150w\" sizes=\"auto, (max-width: 590px) 100vw, 590px\" \/><\/figure>\n\n\n\n<figure class=\"wp-block-image size-large\"><img loading=\"lazy\" decoding=\"async\" width=\"590\" height=\"590\" data-id=\"6075\" src=\"https:\/\/aemoita.pt\/aemoita\/wp-content\/uploads\/2026\/02\/cdentista2.jpg\" alt=\"\" class=\"wp-image-6075\" srcset=\"https:\/\/aemoita.pt\/aemoita\/wp-content\/uploads\/2026\/02\/cdentista2.jpg 590w, https:\/\/aemoita.pt\/aemoita\/wp-content\/uploads\/2026\/02\/cdentista2-300x300.jpg 300w, https:\/\/aemoita.pt\/aemoita\/wp-content\/uploads\/2026\/02\/cdentista2-150x150.jpg 150w\" sizes=\"auto, (max-width: 590px) 100vw, 590px\" \/><\/figure>\n\n\n\n<figure class=\"wp-block-image size-large\"><img loading=\"lazy\" decoding=\"async\" width=\"590\" height=\"590\" data-id=\"6074\" src=\"https:\/\/aemoita.pt\/aemoita\/wp-content\/uploads\/2026\/02\/cdentista3.jpg\" alt=\"\" class=\"wp-image-6074\" srcset=\"https:\/\/aemoita.pt\/aemoita\/wp-content\/uploads\/2026\/02\/cdentista3.jpg 590w, https:\/\/aemoita.pt\/aemoita\/wp-content\/uploads\/2026\/02\/cdentista3-300x300.jpg 300w, https:\/\/aemoita.pt\/aemoita\/wp-content\/uploads\/2026\/02\/cdentista3-150x150.jpg 150w\" sizes=\"auto, (max-width: 590px) 100vw, 590px\" \/><\/figure>\n\n\n\n<figure class=\"wp-block-image size-large\"><img loading=\"lazy\" decoding=\"async\" width=\"590\" height=\"590\" data-id=\"6073\" src=\"https:\/\/aemoita.pt\/aemoita\/wp-content\/uploads\/2026\/02\/cdentista4.jpg\" alt=\"\" class=\"wp-image-6073\" srcset=\"https:\/\/aemoita.pt\/aemoita\/wp-content\/uploads\/2026\/02\/cdentista4.jpg 590w, https:\/\/aemoita.pt\/aemoita\/wp-content\/uploads\/2026\/02\/cdentista4-300x300.jpg 300w, https:\/\/aemoita.pt\/aemoita\/wp-content\/uploads\/2026\/02\/cdentista4-150x150.jpg 150w\" sizes=\"auto, (max-width: 590px) 100vw, 590px\" \/><\/figure>\n<\/figure>\n\n\n\n<p><a href=\"https:\/\/www.facebook.com\/share\/p\/18B9JvqNWg\/?mibextid=wwXIfr\">https:\/\/www.facebook.com\/share\/p\/18B9JvqNWg\/?mibextid=wwXIfr<\/a><\/p>\n\n\n\n<p><a href=\"https:\/\/www.instagram.com\/p\/DUiMM_eCHq0\/?igsh=MWNtM3BiZ2s0YTVjcw==\">https:\/\/www.instagram.com\/p\/DUiMM_eCHq0\/?igsh=MWNtM3BiZ2s0YTVjcw==<\/a><\/p>\n","protected":false},"excerpt":{"rendered":"<p>Divulgamos a campanha da Dire\u00e7\u00e3o-Geral de Sa\u00fade sobre o cheque dentista, para aumentarmos a taxa de utiliza\u00e7\u00e3o nas nossas freguesias e melhorarmos a sa\u00fade oral das nossas crian\u00e7as e jovens.<\/p>\n","protected":false},"author":1,"featured_media":6084,"comment_status":"closed","ping_status":"closed","sticky":false,"template":"","format":"standard","meta":{"footnotes":""},"categories":[8],"tags":[],"class_list":["post-6071","post","type-post","status-publish","format-standard","has-post-thumbnail","hentry","category-agrupamento"],"_links":{"self":[{"href":"https:\/\/aemoita.pt\/aemoita\/wp-json\/wp\/v2\/posts\/6071","targetHints":{"allow":["GET"]}}],"collection":[{"href":"https:\/\/aemoita.pt\/aemoita\/wp-json\/wp\/v2\/posts"}],"about":[{"href":"https:\/\/aemoita.pt\/aemoita\/wp-json\/wp\/v2\/types\/post"}],"author":[{"embeddable":true,"href":"https:\/\/aemoita.pt\/aemoita\/wp-json\/wp\/v2\/users\/1"}],"replies":[{"embeddable":true,"href":"https:\/\/aemoita.pt\/aemoita\/wp-json\/wp\/v2\/comments?post=6071"}],"version-history":[{"count":4,"href":"https:\/\/aemoita.pt\/aemoita\/wp-json\/wp\/v2\/posts\/6071\/revisions"}],"predecessor-version":[{"id":6087,"href":"https:\/\/aemoita.pt\/aemoita\/wp-json\/wp\/v2\/posts\/6071\/revisions\/6087"}],"wp:featuredmedia":[{"embeddable":true,"href":"https:\/\/aemoita.pt\/aemoita\/wp-json\/wp\/v2\/media\/6084"}],"wp:attachment":[{"href":"https:\/\/aemoita.pt\/aemoita\/wp-json\/wp\/v2\/media?parent=6071"}],"wp:term":[{"taxonomy":"category","embeddable":true,"href":"https:\/\/aemoita.pt\/aemoita\/wp-json\/wp\/v2\/categories?post=6071"},{"taxonomy":"post_tag","embeddable":true,"href":"https:\/\/aemoita.pt\/aemoita\/wp-json\/wp\/v2\/tags?post=6071"}],"curies":[{"name":"wp","href":"https:\/\/api.w.org\/{rel}","templated":true}]}}