{"id":6110,"date":"2026-02-26T21:32:03","date_gmt":"2026-02-26T21:32:03","guid":{"rendered":"https:\/\/aemoita.pt\/aemoita\/?p=6110"},"modified":"2026-02-26T21:40:06","modified_gmt":"2026-02-26T21:40:06","slug":"visita-de-estudo-ao-palacio-nacional-de-mafra","status":"publish","type":"post","link":"https:\/\/aemoita.pt\/aemoita\/2026\/02\/26\/visita-de-estudo-ao-palacio-nacional-de-mafra\/","title":{"rendered":"Visita de estudo ao Pal\u00e1cio Nacional de Mafra"},"content":{"rendered":"\n<p>No passado dia 23 de fevereiro, os alunos do 11\u00ba D2 e do 10\u00ba D3, acompanhados dos professores Rita Delgado, Susana Santos, Vera Pimenta e Silvestre Ribeiro, visitaram o Pal\u00e1cio Nacional de Mafra. Esta visita permitiu aos alunos, o reconhecimento da import\u00e2ncia da constru\u00e7\u00e3o do Pal\u00e1cio Nacional instrumento do poder real e s\u00edmbolo de um tempo e de um reinado, contribuindo igualmente para o estreitamento dos la\u00e7os interpessoais.<\/p>\n\n\n\n<figure class=\"wp-block-gallery has-nested-images columns-default is-cropped wp-block-gallery-1 is-layout-flex wp-block-gallery-is-layout-flex\">\n<figure class=\"wp-block-image size-large\"><img loading=\"lazy\" decoding=\"async\" width=\"1024\" height=\"768\" data-id=\"6117\" src=\"https:\/\/aemoita.pt\/aemoita\/wp-content\/uploads\/2026\/02\/7-1024x768.jpeg\" alt=\"\" class=\"wp-image-6117\" srcset=\"https:\/\/aemoita.pt\/aemoita\/wp-content\/uploads\/2026\/02\/7-1024x768.jpeg 1024w, https:\/\/aemoita.pt\/aemoita\/wp-content\/uploads\/2026\/02\/7-300x225.jpeg 300w, https:\/\/aemoita.pt\/aemoita\/wp-content\/uploads\/2026\/02\/7-768x576.jpeg 768w, https:\/\/aemoita.pt\/aemoita\/wp-content\/uploads\/2026\/02\/7-1536x1152.jpeg 1536w, https:\/\/aemoita.pt\/aemoita\/wp-content\/uploads\/2026\/02\/7.jpeg 2040w\" sizes=\"auto, (max-width: 1024px) 100vw, 1024px\" \/><\/figure>\n\n\n\n<figure class=\"wp-block-image size-large\"><img loading=\"lazy\" decoding=\"async\" width=\"768\" height=\"1024\" data-id=\"6116\" src=\"https:\/\/aemoita.pt\/aemoita\/wp-content\/uploads\/2026\/02\/6-768x1024.jpeg\" alt=\"\" class=\"wp-image-6116\" srcset=\"https:\/\/aemoita.pt\/aemoita\/wp-content\/uploads\/2026\/02\/6-768x1024.jpeg 768w, https:\/\/aemoita.pt\/aemoita\/wp-content\/uploads\/2026\/02\/6-225x300.jpeg 225w, https:\/\/aemoita.pt\/aemoita\/wp-content\/uploads\/2026\/02\/6-1152x1536.jpeg 1152w, https:\/\/aemoita.pt\/aemoita\/wp-content\/uploads\/2026\/02\/6.jpeg 1536w\" sizes=\"auto, (max-width: 768px) 100vw, 768px\" \/><\/figure>\n\n\n\n<figure class=\"wp-block-image size-large\"><img loading=\"lazy\" decoding=\"async\" width=\"768\" height=\"1024\" data-id=\"6115\" src=\"https:\/\/aemoita.pt\/aemoita\/wp-content\/uploads\/2026\/02\/5-768x1024.jpeg\" alt=\"\" class=\"wp-image-6115\" srcset=\"https:\/\/aemoita.pt\/aemoita\/wp-content\/uploads\/2026\/02\/5-768x1024.jpeg 768w, https:\/\/aemoita.pt\/aemoita\/wp-content\/uploads\/2026\/02\/5-225x300.jpeg 225w, https:\/\/aemoita.pt\/aemoita\/wp-content\/uploads\/2026\/02\/5-1152x1536.jpeg 1152w, https:\/\/aemoita.pt\/aemoita\/wp-content\/uploads\/2026\/02\/5.jpeg 1530w\" sizes=\"auto, (max-width: 768px) 100vw, 768px\" \/><\/figure>\n\n\n\n<figure class=\"wp-block-image size-large\"><img loading=\"lazy\" decoding=\"async\" width=\"1024\" height=\"419\" data-id=\"6114\" src=\"https:\/\/aemoita.pt\/aemoita\/wp-content\/uploads\/2026\/02\/4-1024x419.jpeg\" alt=\"\" class=\"wp-image-6114\" srcset=\"https:\/\/aemoita.pt\/aemoita\/wp-content\/uploads\/2026\/02\/4-1024x419.jpeg 1024w, https:\/\/aemoita.pt\/aemoita\/wp-content\/uploads\/2026\/02\/4-300x123.jpeg 300w, https:\/\/aemoita.pt\/aemoita\/wp-content\/uploads\/2026\/02\/4-768x314.jpeg 768w, https:\/\/aemoita.pt\/aemoita\/wp-content\/uploads\/2026\/02\/4-1536x629.jpeg 1536w, https:\/\/aemoita.pt\/aemoita\/wp-content\/uploads\/2026\/02\/4.jpeg 2000w\" sizes=\"auto, (max-width: 1024px) 100vw, 1024px\" \/><\/figure>\n\n\n\n<figure class=\"wp-block-image size-large\"><img loading=\"lazy\" decoding=\"async\" width=\"1024\" height=\"768\" data-id=\"6113\" src=\"https:\/\/aemoita.pt\/aemoita\/wp-content\/uploads\/2026\/02\/3-1024x768.jpeg\" alt=\"\" class=\"wp-image-6113\" srcset=\"https:\/\/aemoita.pt\/aemoita\/wp-content\/uploads\/2026\/02\/3-1024x768.jpeg 1024w, https:\/\/aemoita.pt\/aemoita\/wp-content\/uploads\/2026\/02\/3-300x225.jpeg 300w, https:\/\/aemoita.pt\/aemoita\/wp-content\/uploads\/2026\/02\/3-768x576.jpeg 768w, https:\/\/aemoita.pt\/aemoita\/wp-content\/uploads\/2026\/02\/3-1536x1152.jpeg 1536w, https:\/\/aemoita.pt\/aemoita\/wp-content\/uploads\/2026\/02\/3.jpeg 2040w\" sizes=\"auto, (max-width: 1024px) 100vw, 1024px\" \/><\/figure>\n\n\n\n<figure class=\"wp-block-image size-large\"><img loading=\"lazy\" decoding=\"async\" width=\"1024\" height=\"768\" data-id=\"6112\" src=\"https:\/\/aemoita.pt\/aemoita\/wp-content\/uploads\/2026\/02\/2-1024x768.jpeg\" alt=\"\" class=\"wp-image-6112\" srcset=\"https:\/\/aemoita.pt\/aemoita\/wp-content\/uploads\/2026\/02\/2-1024x768.jpeg 1024w, https:\/\/aemoita.pt\/aemoita\/wp-content\/uploads\/2026\/02\/2-300x225.jpeg 300w, https:\/\/aemoita.pt\/aemoita\/wp-content\/uploads\/2026\/02\/2-768x576.jpeg 768w, https:\/\/aemoita.pt\/aemoita\/wp-content\/uploads\/2026\/02\/2-1536x1152.jpeg 1536w, https:\/\/aemoita.pt\/aemoita\/wp-content\/uploads\/2026\/02\/2.jpeg 2048w\" sizes=\"auto, (max-width: 1024px) 100vw, 1024px\" \/><\/figure>\n<\/figure>\n","protected":false},"excerpt":{"rendered":"<p>No passado dia 23 de fevereiro, os alunos do 11\u00ba D2 e do 10\u00ba D3, acompanhados dos professores Rita Delgado, Susana Santos, Vera Pimenta e Silvestre Ribeiro, visitaram o Pal\u00e1cio Nacional de Mafra. Esta visita permitiu aos alunos, o reconhecimento da import\u00e2ncia da constru\u00e7\u00e3o do Pal\u00e1cio Nacional instrumento do poder real e s\u00edmbolo de um [&hellip;]<\/p>\n","protected":false},"author":1,"featured_media":6111,"comment_status":"closed","ping_status":"closed","sticky":false,"template":"","format":"standard","meta":{"footnotes":""},"categories":[8],"tags":[],"class_list":["post-6110","post","type-post","status-publish","format-standard","has-post-thumbnail","hentry","category-agrupamento"],"_links":{"self":[{"href":"https:\/\/aemoita.pt\/aemoita\/wp-json\/wp\/v2\/posts\/6110","targetHints":{"allow":["GET"]}}],"collection":[{"href":"https:\/\/aemoita.pt\/aemoita\/wp-json\/wp\/v2\/posts"}],"about":[{"href":"https:\/\/aemoita.pt\/aemoita\/wp-json\/wp\/v2\/types\/post"}],"author":[{"embeddable":true,"href":"https:\/\/aemoita.pt\/aemoita\/wp-json\/wp\/v2\/users\/1"}],"replies":[{"embeddable":true,"href":"https:\/\/aemoita.pt\/aemoita\/wp-json\/wp\/v2\/comments?post=6110"}],"version-history":[{"count":2,"href":"https:\/\/aemoita.pt\/aemoita\/wp-json\/wp\/v2\/posts\/6110\/revisions"}],"predecessor-version":[{"id":6125,"href":"https:\/\/aemoita.pt\/aemoita\/wp-json\/wp\/v2\/posts\/6110\/revisions\/6125"}],"wp:featuredmedia":[{"embeddable":true,"href":"https:\/\/aemoita.pt\/aemoita\/wp-json\/wp\/v2\/media\/6111"}],"wp:attachment":[{"href":"https:\/\/aemoita.pt\/aemoita\/wp-json\/wp\/v2\/media?parent=6110"}],"wp:term":[{"taxonomy":"category","embeddable":true,"href":"https:\/\/aemoita.pt\/aemoita\/wp-json\/wp\/v2\/categories?post=6110"},{"taxonomy":"post_tag","embeddable":true,"href":"https:\/\/aemoita.pt\/aemoita\/wp-json\/wp\/v2\/tags?post=6110"}],"curies":[{"name":"wp","href":"https:\/\/api.w.org\/{rel}","templated":true}]}}