{"id":6449,"date":"2026-04-28T10:44:41","date_gmt":"2026-04-28T10:44:41","guid":{"rendered":"https:\/\/aemoita.pt\/aemoita\/?p=6449"},"modified":"2026-04-28T11:15:24","modified_gmt":"2026-04-28T11:15:24","slug":"votacao-na-proposta-5-aquisicao-instalacao-de-toldo-e-bebedouro-na-esmoita","status":"publish","type":"post","link":"https:\/\/aemoita.pt\/aemoita\/2026\/04\/28\/votacao-na-proposta-5-aquisicao-instalacao-de-toldo-e-bebedouro-na-esmoita\/","title":{"rendered":"Vota\u00e7\u00e3o na proposta 5 &#8211; AQUISI\u00c7\u00c3O \/INSTALA\u00c7\u00c3O DE TOLDO E BEBEDOURO NA ESMOITA"},"content":{"rendered":"\n<p><strong>\u00a0\u00a0\u00a0\u00a0\u00a0\u00a0\u00a0\u00a0\u00a0<\/strong> No \u00e2mbito do Concurso para OR\u00c7AMENTO PARTICIPATIVO DA JUNTA DE FREGUESIA DA MOITA, 2026, em nome da Escola Secund\u00e1ria da Moita, atrav\u00e9s do Projeto Orienta-te, a Prof.\u00aa Teresa Campos, cocoordenadora deste Projeto de Orienta\u00e7\u00e3o Escolar e Vocacional, apresentou uma Proposta AQUISI\u00c7\u00c3O \/INSTALA\u00c7\u00c3O DE TOLDO E BEBEDOURO a ser em colocados no p\u00e1tio exterior da Escola Secund\u00e1ria da Moita.\u00a0 \u00a0As motiva\u00e7\u00f5es foram v\u00e1rias:<\/p>\n\n\n\n<ul class=\"wp-block-list\">\n<li>refeit\u00f3rio muito sobrelotado, em que estes novos equipamentos poderiam permitir um novo espa\u00e7o de refei\u00e7\u00f5es e de conv\u00edvio, libertando o espa\u00e7o interior do refeit\u00f3rio;<\/li>\n\n\n\n<li>no Or\u00e7amento Participativo da Escola 2026, a proposta vencedora foram mesas e cadeiras a colocar no espa\u00e7o exterior;<\/li>\n\n\n\n<li>a requalifica\u00e7\u00e3o do espa\u00e7o escolar para o bem-estar f\u00edsico e ps\u00edquico dos alunos e da comunidade escolar e educativa em geral.<\/li>\n<\/ul>\n\n\n\n<p><strong>\u00a0\u00a0\u00a0\u00a0\u00a0\u00a0\u00a0\u00a0\u00a0\u00a0 <\/strong>Esta proposta foi aprovada pela Comiss\u00e3o de acompanhamento da Junta de Freguesia da Moita designada para esta iniciativa do Or\u00e7amento, ficando com o n\u00famero e a designa\u00e7\u00e3o de PROPOSTA 5- AQUISI\u00c7\u00c3O \/INSTALA\u00c7\u00c3O DE TOLDO E BEBEDOURO.<\/p>\n\n\n\n<p><strong>\u00a0\u00a0\u00a0\u00a0\u00a0\u00a0\u00a0\u00a0<\/strong> O local de instala\u00e7\u00e3o desta infraestrutura est\u00e1 vis\u00edvel na fotografia aqui apresentada:<\/p>\n\n\n<div class=\"wp-block-image\">\n<figure class=\"aligncenter size-full\"><img decoding=\"async\" src=\"https:\/\/aemoita.pt\/aemoita\/wp-content\/uploads\/2026\/04\/image.png\" alt=\"   Fig.1 - Toldo de 10 mt x 5 mt e bebedouro de \u00e1gua de pedal\" class=\"wp-image-6450\"\/><figcaption class=\"wp-element-caption\"><strong>\u00a0 \u00a0<\/strong>Fig.1 &#8211; Toldo de 10 mt x 5 mt e bebedouro de \u00e1gua de pedal<\/figcaption><\/figure><\/div>\n\n\n<p class=\"has-vivid-red-color has-text-color has-link-color wp-elements-af14157f25bf3b2f862460f118f1010c\"><strong><em>Mas ainda falta uma etapa para que esta Proposta ganhe:<\/em><\/strong><\/p>\n\n\n\n<p class=\"has-vivid-cyan-blue-color has-text-color has-link-color wp-elements-8de969798c450652eedd579ba6b278c8\"><strong>Votar na Proposta 5<\/strong>, de 27 de abril a 9 de maio de 2026, presencialmente nas instala\u00e7\u00f5es da Junta de Freguesia da Moita se reunir 3 condi\u00e7\u00f5es: residir na \u00e1rea da Junta de Freguesia da Moita, ter 16 ou mais anos de idade e \u00a0possuir Cart\u00e3o de Cidad\u00e3o<\/p>\n\n\n\n<p class=\"has-luminous-vivid-orange-color has-text-color has-link-color wp-elements-0a82ef379be3b487fdf4f885ee5d80f2\"><strong>\u00a0Vota na Proposta 5<\/strong>&#8211; <strong>AQUISI\u00c7\u00c3O \/INSTALA\u00c7\u00c3O DE TOLDO E BEBEDOURO NA\u00a0\u00a0 ESMOITA<\/strong><\/p>\n\n\n\n<p class=\"has-text-align-right\"><strong>\u00a0\u00a0\u00a0 \u00a0Prof.\u00aa Teresa Campos\u00a0\u00a0 <\/strong><\/p>\n\n\n\n<p class=\"has-text-align-right\"><strong>ESM ,27 de abril de 2026\u00a0<\/strong><\/p>\n","protected":false},"excerpt":{"rendered":"<p>\u00a0\u00a0\u00a0\u00a0\u00a0\u00a0\u00a0\u00a0\u00a0 No \u00e2mbito do Concurso para OR\u00c7AMENTO PARTICIPATIVO DA JUNTA DE FREGUESIA DA MOITA, 2026, em nome da Escola Secund\u00e1ria da Moita, atrav\u00e9s do Projeto Orienta-te, a Prof.\u00aa Teresa Campos, cocoordenadora deste Projeto de Orienta\u00e7\u00e3o Escolar e Vocacional, apresentou uma Proposta AQUISI\u00c7\u00c3O \/INSTALA\u00c7\u00c3O DE TOLDO E BEBEDOURO a ser em colocados no p\u00e1tio exterior da [&hellip;]<\/p>\n","protected":false},"author":1,"featured_media":6450,"comment_status":"closed","ping_status":"closed","sticky":false,"template":"","format":"standard","meta":{"footnotes":""},"categories":[8],"tags":[],"class_list":["post-6449","post","type-post","status-publish","format-standard","has-post-thumbnail","hentry","category-agrupamento"],"_links":{"self":[{"href":"https:\/\/aemoita.pt\/aemoita\/wp-json\/wp\/v2\/posts\/6449","targetHints":{"allow":["GET"]}}],"collection":[{"href":"https:\/\/aemoita.pt\/aemoita\/wp-json\/wp\/v2\/posts"}],"about":[{"href":"https:\/\/aemoita.pt\/aemoita\/wp-json\/wp\/v2\/types\/post"}],"author":[{"embeddable":true,"href":"https:\/\/aemoita.pt\/aemoita\/wp-json\/wp\/v2\/users\/1"}],"replies":[{"embeddable":true,"href":"https:\/\/aemoita.pt\/aemoita\/wp-json\/wp\/v2\/comments?post=6449"}],"version-history":[{"count":1,"href":"https:\/\/aemoita.pt\/aemoita\/wp-json\/wp\/v2\/posts\/6449\/revisions"}],"predecessor-version":[{"id":6451,"href":"https:\/\/aemoita.pt\/aemoita\/wp-json\/wp\/v2\/posts\/6449\/revisions\/6451"}],"wp:featuredmedia":[{"embeddable":true,"href":"https:\/\/aemoita.pt\/aemoita\/wp-json\/wp\/v2\/media\/6450"}],"wp:attachment":[{"href":"https:\/\/aemoita.pt\/aemoita\/wp-json\/wp\/v2\/media?parent=6449"}],"wp:term":[{"taxonomy":"category","embeddable":true,"href":"https:\/\/aemoita.pt\/aemoita\/wp-json\/wp\/v2\/categories?post=6449"},{"taxonomy":"post_tag","embeddable":true,"href":"https:\/\/aemoita.pt\/aemoita\/wp-json\/wp\/v2\/tags?post=6449"}],"curies":[{"name":"wp","href":"https:\/\/api.w.org\/{rel}","templated":true}]}}