{"id":7024,"date":"2026-09-03T21:30:33","date_gmt":"2026-09-03T21:30:33","guid":{"rendered":"https:\/\/aemoita.pt\/aemoita\/?p=7024"},"modified":"2026-09-03T21:32:11","modified_gmt":"2026-09-03T21:32:11","slug":"manuais-escolares-reutilizaveis-2","status":"publish","type":"post","link":"https:\/\/aemoita.pt\/aemoita\/2026\/09\/03\/manuais-escolares-reutilizaveis-2\/","title":{"rendered":"Manuais Escolares Reutiliz\u00e1veis"},"content":{"rendered":"\n<p>Informamos que os manuais reutiliz\u00e1veis atribu\u00eddos pela plataforma MEGA aos alunos do 2.o e 3.o Ciclos e Ensino Secund\u00e1rio dever\u00e3o ser levantados nas escolas do Agrupamento que os alunos v\u00e3o frequentar, nas datas, hor\u00e1rios e salas abaixo apresentados:<\/p>\n\n\n\n<!--more-->\n\n\n\n<figure class=\"wp-block-image size-full\"><img loading=\"lazy\" decoding=\"async\" width=\"622\" height=\"201\" src=\"https:\/\/aemoita.pt\/aemoita\/wp-content\/uploads\/2026\/09\/image.png\" alt=\"\" class=\"wp-image-7025\" srcset=\"https:\/\/aemoita.pt\/aemoita\/wp-content\/uploads\/2026\/09\/image.png 622w, https:\/\/aemoita.pt\/aemoita\/wp-content\/uploads\/2026\/09\/image-300x97.png 300w\" sizes=\"auto, (max-width: 622px) 100vw, 622px\" \/><\/figure>\n\n\n\n<p>A entrega dos manuais escolares \u00e9 efetuada mediante a apresenta\u00e7\u00e3o dos vouchers e, de acordo com a legisla\u00e7\u00e3o em vigor, os manuais entregues ao abrigo do programa MEGA, t\u00eam que ser devolvidos ao estabelecimento de ensino, em bom estado, no final do ano letivo a que se destinam (junho\/julho<br>2027).<\/p>\n\n\n\n<div class=\"wp-block-file\"><a id=\"wp-block-file--media-29454676-a76c-4c1a-ab95-5611bc1c5026\" href=\"https:\/\/aemoita.pt\/aemoita\/wp-content\/uploads\/2026\/09\/InformacaoEntregaManuais_signed.pdf\">Informacao Entrega Manuais_Escolares<\/a><a href=\"https:\/\/aemoita.pt\/aemoita\/wp-content\/uploads\/2026\/09\/InformacaoEntregaManuais_signed.pdf\" class=\"wp-block-file__button wp-element-button\" download aria-describedby=\"wp-block-file--media-29454676-a76c-4c1a-ab95-5611bc1c5026\">Descarregar<\/a><\/div>\n","protected":false},"excerpt":{"rendered":"<p>Informamos que os manuais reutiliz\u00e1veis atribu\u00eddos pela plataforma MEGA aos alunos do 2.o e 3.o Ciclos e Ensino Secund\u00e1rio dever\u00e3o ser levantados nas escolas do Agrupamento que os alunos v\u00e3o frequentar, nas datas, hor\u00e1rios e salas abaixo apresentados:<\/p>\n","protected":false},"author":1,"featured_media":7029,"comment_status":"closed","ping_status":"closed","sticky":false,"template":"","format":"standard","meta":{"footnotes":""},"categories":[8],"tags":[],"class_list":["post-7024","post","type-post","status-publish","format-standard","has-post-thumbnail","hentry","category-agrupamento"],"_links":{"self":[{"href":"https:\/\/aemoita.pt\/aemoita\/wp-json\/wp\/v2\/posts\/7024","targetHints":{"allow":["GET"]}}],"collection":[{"href":"https:\/\/aemoita.pt\/aemoita\/wp-json\/wp\/v2\/posts"}],"about":[{"href":"https:\/\/aemoita.pt\/aemoita\/wp-json\/wp\/v2\/types\/post"}],"author":[{"embeddable":true,"href":"https:\/\/aemoita.pt\/aemoita\/wp-json\/wp\/v2\/users\/1"}],"replies":[{"embeddable":true,"href":"https:\/\/aemoita.pt\/aemoita\/wp-json\/wp\/v2\/comments?post=7024"}],"version-history":[{"count":2,"href":"https:\/\/aemoita.pt\/aemoita\/wp-json\/wp\/v2\/posts\/7024\/revisions"}],"predecessor-version":[{"id":7031,"href":"https:\/\/aemoita.pt\/aemoita\/wp-json\/wp\/v2\/posts\/7024\/revisions\/7031"}],"wp:featuredmedia":[{"embeddable":true,"href":"https:\/\/aemoita.pt\/aemoita\/wp-json\/wp\/v2\/media\/7029"}],"wp:attachment":[{"href":"https:\/\/aemoita.pt\/aemoita\/wp-json\/wp\/v2\/media?parent=7024"}],"wp:term":[{"taxonomy":"category","embeddable":true,"href":"https:\/\/aemoita.pt\/aemoita\/wp-json\/wp\/v2\/categories?post=7024"},{"taxonomy":"post_tag","embeddable":true,"href":"https:\/\/aemoita.pt\/aemoita\/wp-json\/wp\/v2\/tags?post=7024"}],"curies":[{"name":"wp","href":"https:\/\/api.w.org\/{rel}","templated":true}]}}