{"id":7032,"date":"2026-09-03T21:36:00","date_gmt":"2026-09-03T21:36:00","guid":{"rendered":"https:\/\/aemoita.pt\/aemoita\/?p=7032"},"modified":"2026-09-03T21:37:14","modified_gmt":"2026-09-03T21:37:14","slug":"inicio-das-atividades-letivas-2026-27","status":"publish","type":"post","link":"https:\/\/aemoita.pt\/aemoita\/2026\/09\/03\/inicio-das-atividades-letivas-2026-27\/","title":{"rendered":"INICIO DAS ATIVIDADES LETIVAS 2026\/27"},"content":{"rendered":"\n<p>Nos termos do despacho 8368\/2026 (25 de julho), que esta estabelece o calend\u00e1rio escolar relativo aos anos letivos de 2024-2025 a 2027-2028, alterado pelo despacho 10430\/2026 (21 de agosto), informam-se toda a comunidade educativa que, para o ano letivo 2026\/27, as atividades letivas t\u00eam in\u00edcio nas seguintes datas:<\/p>\n\n\n\n<!--more-->\n\n\n\n<figure class=\"wp-block-image size-full\"><img loading=\"lazy\" decoding=\"async\" width=\"584\" height=\"291\" src=\"https:\/\/aemoita.pt\/aemoita\/wp-content\/uploads\/2026\/09\/image-1.png\" alt=\"\" class=\"wp-image-7033\" srcset=\"https:\/\/aemoita.pt\/aemoita\/wp-content\/uploads\/2026\/09\/image-1.png 584w, https:\/\/aemoita.pt\/aemoita\/wp-content\/uploads\/2026\/09\/image-1-300x149.png 300w\" sizes=\"auto, (max-width: 584px) 100vw, 584px\" \/><\/figure>\n\n\n\n<p>Oportunamente ser\u00e3o publicadas por escola as informa\u00e7\u00f5es e locais (salas) para cada grupo\/turma.<\/p>\n\n\n\n<div class=\"wp-block-file\"><a id=\"wp-block-file--media-a4f9db5c-e39a-491e-805c-b59d8869b9ac\" href=\"https:\/\/aemoita.pt\/aemoita\/wp-content\/uploads\/2026\/09\/InformacaoInicioAnoLetivo_signed.pdf\">Informacao Inicio Ano Letivo_signed<\/a><a href=\"https:\/\/aemoita.pt\/aemoita\/wp-content\/uploads\/2026\/09\/InformacaoInicioAnoLetivo_signed.pdf\" class=\"wp-block-file__button wp-element-button\" download aria-describedby=\"wp-block-file--media-a4f9db5c-e39a-491e-805c-b59d8869b9ac\">Descarregar<\/a><\/div>\n\n\n\n<p><\/p>\n","protected":false},"excerpt":{"rendered":"<p>Nos termos do despacho 8368\/2026 (25 de julho), que esta estabelece o calend\u00e1rio escolar relativo aos anos letivos de 2024-2025 a 2027-2028, alterado pelo despacho 10430\/2026 (21 de agosto), informam-se toda a comunidade educativa que, para o ano letivo 2026\/27, as atividades letivas t\u00eam in\u00edcio nas seguintes datas:<\/p>\n","protected":false},"author":1,"featured_media":7035,"comment_status":"closed","ping_status":"closed","sticky":false,"template":"","format":"standard","meta":{"footnotes":""},"categories":[8],"tags":[],"class_list":["post-7032","post","type-post","status-publish","format-standard","has-post-thumbnail","hentry","category-agrupamento"],"_links":{"self":[{"href":"https:\/\/aemoita.pt\/aemoita\/wp-json\/wp\/v2\/posts\/7032","targetHints":{"allow":["GET"]}}],"collection":[{"href":"https:\/\/aemoita.pt\/aemoita\/wp-json\/wp\/v2\/posts"}],"about":[{"href":"https:\/\/aemoita.pt\/aemoita\/wp-json\/wp\/v2\/types\/post"}],"author":[{"embeddable":true,"href":"https:\/\/aemoita.pt\/aemoita\/wp-json\/wp\/v2\/users\/1"}],"replies":[{"embeddable":true,"href":"https:\/\/aemoita.pt\/aemoita\/wp-json\/wp\/v2\/comments?post=7032"}],"version-history":[{"count":3,"href":"https:\/\/aemoita.pt\/aemoita\/wp-json\/wp\/v2\/posts\/7032\/revisions"}],"predecessor-version":[{"id":7038,"href":"https:\/\/aemoita.pt\/aemoita\/wp-json\/wp\/v2\/posts\/7032\/revisions\/7038"}],"wp:featuredmedia":[{"embeddable":true,"href":"https:\/\/aemoita.pt\/aemoita\/wp-json\/wp\/v2\/media\/7035"}],"wp:attachment":[{"href":"https:\/\/aemoita.pt\/aemoita\/wp-json\/wp\/v2\/media?parent=7032"}],"wp:term":[{"taxonomy":"category","embeddable":true,"href":"https:\/\/aemoita.pt\/aemoita\/wp-json\/wp\/v2\/categories?post=7032"},{"taxonomy":"post_tag","embeddable":true,"href":"https:\/\/aemoita.pt\/aemoita\/wp-json\/wp\/v2\/tags?post=7032"}],"curies":[{"name":"wp","href":"https:\/\/api.w.org\/{rel}","templated":true}]}}